{"id":1174,"date":"2018-02-07T09:12:22","date_gmt":"2018-02-07T08:12:22","guid":{"rendered":"http:\/\/exponente.net\/foto\/?p=1174"},"modified":"2018-02-07T09:12:22","modified_gmt":"2018-02-07T08:12:22","slug":"julia-margaret-cameron","status":"publish","type":"post","link":"https:\/\/exponente.net\/foto\/?p=1174","title":{"rendered":"Julia Margaret Cameron"},"content":{"rendered":"<p>Julia Margaret Cameron (11 de junio de 1815 &#8211; 26 de enero de 1879) fue una fot\u00f3grafa inglesa que se dedic\u00f3 al retrato fotogr\u00e1fico de corte art\u00edstico, as\u00ed como a la representaci\u00f3n escenogr\u00e1fica de alegor\u00edas que la enmarcan en la corriente de la fotograf\u00eda academicista.<\/p>\n<p>Lleg\u00f3 a exponer en la Exposici\u00f3n Universal de 1870, y su obra fue reconocida p\u00f3stumamente, junto a la de Lewis Carroll, gracias a su reivindicaci\u00f3n por parte de los fot\u00f3grafos del pictorialismo, as\u00ed como al apoyo del grupo literario de Bloomsbury y a su sobrina nieta Virginia Woolf.<\/p>\n<p>Aqu\u00ed dejo un enlace a una completa revisi\u00f3n de su obra<\/p>\n<p><a href=\"http:\/\/d2aohiyo3d3idm.cloudfront.net\/publications\/virtuallibrary\/0892366818.pdf\">http:\/\/d2aohiyo3d3idm.cloudfront.net\/publications\/virtuallibrary\/0892366818.pdf<\/a><\/p>\n","protected":false},"excerpt":{"rendered":"<p>Julia Margaret Cameron (11 de junio de 1815 &#8211; 26 de enero de 1879) fue una fot\u00f3grafa inglesa que se dedic\u00f3 al retrato fotogr\u00e1fico de corte art\u00edstico, as\u00ed como a la representaci\u00f3n escenogr\u00e1fica de alegor\u00edas que la enmarcan en la corriente de la fotograf\u00eda academicista. Lleg\u00f3 a exponer en la Exposici\u00f3n Universal de 1870, y [&hellip;]<\/p>\n","protected":false},"author":1,"featured_media":0,"comment_status":"open","ping_status":"open","sticky":false,"template":"","format":"standard","meta":[],"categories":[8],"tags":[124,159,158,141],"_links":{"self":[{"href":"https:\/\/exponente.net\/foto\/index.php?rest_route=\/wp\/v2\/posts\/1174"}],"collection":[{"href":"https:\/\/exponente.net\/foto\/index.php?rest_route=\/wp\/v2\/posts"}],"about":[{"href":"https:\/\/exponente.net\/foto\/index.php?rest_route=\/wp\/v2\/types\/post"}],"author":[{"embeddable":true,"href":"https:\/\/exponente.net\/foto\/index.php?rest_route=\/wp\/v2\/users\/1"}],"replies":[{"embeddable":true,"href":"https:\/\/exponente.net\/foto\/index.php?rest_route=%2Fwp%2Fv2%2Fcomments&post=1174"}],"version-history":[{"count":1,"href":"https:\/\/exponente.net\/foto\/index.php?rest_route=\/wp\/v2\/posts\/1174\/revisions"}],"predecessor-version":[{"id":1175,"href":"https:\/\/exponente.net\/foto\/index.php?rest_route=\/wp\/v2\/posts\/1174\/revisions\/1175"}],"wp:attachment":[{"href":"https:\/\/exponente.net\/foto\/index.php?rest_route=%2Fwp%2Fv2%2Fmedia&parent=1174"}],"wp:term":[{"taxonomy":"category","embeddable":true,"href":"https:\/\/exponente.net\/foto\/index.php?rest_route=%2Fwp%2Fv2%2Fcategories&post=1174"},{"taxonomy":"post_tag","embeddable":true,"href":"https:\/\/exponente.net\/foto\/index.php?rest_route=%2Fwp%2Fv2%2Ftags&post=1174"}],"curies":[{"name":"wp","href":"https:\/\/api.w.org\/{rel}","templated":true}]}}